{"id":8816,"date":"2020-09-28T17:15:58","date_gmt":"2020-09-28T23:15:58","guid":{"rendered":"https:\/\/www.chapultepec.org.mx\/?p=8816"},"modified":"2020-09-28T17:15:58","modified_gmt":"2020-09-28T23:15:58","slug":"webinar-el-castillo-de-chapultepec-a-traves-del-tiempo","status":"publish","type":"post","link":"https:\/\/www.chapultepec.org.mx\/en\/webinar-el-castillo-de-chapultepec-a-traves-del-tiempo\/","title":{"rendered":"Webinar: El Castillo de Chapultepec a trav\u00e9s del tiempo"},"content":{"rendered":"<p>El\u00a0Castillo\u00a0de\u00a0Chapultepec, adem\u00e1s de ser uno de los monumentos m\u00e1s importantes del pa\u00eds, es una especie de templo c\u00edvico en el que nos reconocemos como mexicanos y un referente hist\u00f3rico de la Ciudad de M\u00e9xico, que fue valorado por nuestros padres y abuelos y que seguir\u00e1 siendo disfrutado por las futuras generaciones.<\/p>\n<p>En esta pl\u00e1tica, el historiador Alfredo Hern\u00e1ndez Murillo hizo un emocionante recorrido por la trayectoria hist\u00f3rica del\u00a0Castillo\u00a0y cerro de\u00a0Chapultepec, desde su primera ocupaci\u00f3n por los mexicas en el siglo XII hasta los tiempos presentes. Mostr\u00f3 con una narraci\u00f3n impecable y un archivo fotogr\u00e1fico nutrido,\u00a0 la evoluci\u00f3n arquitect\u00f3nica de este palacio, desde la primera edificaci\u00f3n ordenada por el virrey Bernardo de G\u00e1lvez, pasando por su ocupaci\u00f3n como Colegio Militar y como residencia presidencial, hasta llegar a ser el Museo Nacional de Historia.<\/p>\n<p><a href=\"https:\/\/www.youtube.com\/watch?v=4SQWFLEiFhI\" target=\"_blank\" rel=\"noopener\">Aqu\u00ed puedes ver el video.<\/a><\/p>\n<p>&nbsp;<\/p>","protected":false},"excerpt":{"rendered":"<p>El\u00a0Castillo\u00a0de\u00a0Chapultepec, adem\u00e1s de ser uno de los monumentos m\u00e1s importantes del pa\u00eds, es una especie de templo c\u00edvico en el que nos reconocemos como mexicanos y un referente hist\u00f3rico de la Ciudad de M\u00e9xico, que fue valorado por nuestros padres y abuelos y que seguir\u00e1 siendo disfrutado por las futuras generaciones. En esta pl\u00e1tica, el [&hellip;]<\/p>","protected":false},"author":2,"featured_media":8823,"comment_status":"open","ping_status":"open","sticky":false,"template":"","format":"standard","meta":{"_acf_changed":false,"give_campaign_id":0,"footnotes":""},"categories":[40],"tags":[532,533,534],"class_list":["post-8816","post","type-post","status-publish","format-standard","has-post-thumbnail","hentry","category-webinars","tag-castillo-de-chapultepec","tag-historia-del-castillo-de-chapultepec","tag-webinar"],"acf":[],"_links":{"self":[{"href":"https:\/\/www.chapultepec.org.mx\/en\/wp-json\/wp\/v2\/posts\/8816","targetHints":{"allow":["GET"]}}],"collection":[{"href":"https:\/\/www.chapultepec.org.mx\/en\/wp-json\/wp\/v2\/posts"}],"about":[{"href":"https:\/\/www.chapultepec.org.mx\/en\/wp-json\/wp\/v2\/types\/post"}],"author":[{"embeddable":true,"href":"https:\/\/www.chapultepec.org.mx\/en\/wp-json\/wp\/v2\/users\/2"}],"replies":[{"embeddable":true,"href":"https:\/\/www.chapultepec.org.mx\/en\/wp-json\/wp\/v2\/comments?post=8816"}],"version-history":[{"count":0,"href":"https:\/\/www.chapultepec.org.mx\/en\/wp-json\/wp\/v2\/posts\/8816\/revisions"}],"wp:featuredmedia":[{"embeddable":true,"href":"https:\/\/www.chapultepec.org.mx\/en\/wp-json\/wp\/v2\/media\/8823"}],"wp:attachment":[{"href":"https:\/\/www.chapultepec.org.mx\/en\/wp-json\/wp\/v2\/media?parent=8816"}],"wp:term":[{"taxonomy":"category","embeddable":true,"href":"https:\/\/www.chapultepec.org.mx\/en\/wp-json\/wp\/v2\/categories?post=8816"},{"taxonomy":"post_tag","embeddable":true,"href":"https:\/\/www.chapultepec.org.mx\/en\/wp-json\/wp\/v2\/tags?post=8816"}],"curies":[{"name":"wp","href":"https:\/\/api.w.org\/{rel}","templated":true}]}}