{"id":8800,"date":"2020-09-25T09:52:06","date_gmt":"2020-09-25T15:52:06","guid":{"rendered":"https:\/\/www.chapultepec.org.mx\/?p=8800"},"modified":"2020-09-25T09:52:06","modified_gmt":"2020-09-25T15:52:06","slug":"conoce-al-simpatico-pinzon-de-fresa","status":"publish","type":"post","link":"https:\/\/www.chapultepec.org.mx\/en\/conoce-al-simpatico-pinzon-de-fresa\/","title":{"rendered":"Conoce al simp\u00e1tico pinz\u00f3n de fresa"},"content":{"rendered":"<p>\u00bfQui\u00e9n no ha so\u00f1ado ser un ave? Y volar y presumir en el aire una gama de colores ex\u00f3ticos como los que tiene esta peque\u00f1a ave que habita en As\u00eda tropical. Su nombre com\u00fan es pinzones de fresa, pero tambi\u00e9n se les conoce como\u00a0avadavat rojo o munia rojo.<\/p>\n<p>Miden aproximadamente 10 cm, y comparten con otras aves el hecho de que las hembras y los machos son muy diferentes. Los machos portan en la espalda una corona de color rojo intenso y tienen rayas blancas bajo los ojos. El color escarlata inunda su cabeza y su pecho y en la cola tienen manchas blancas. Su pico se torna rojo en tiempos de reproducci\u00f3n. Las hembras son un poco menos llamativas, tambi\u00e9n llevan una corona, pero es de color caf\u00e9 y sus manchas blancas son menos abundantes. Los j\u00f3venes son m\u00e1s aburridos, son grises y su color es m\u00e1s uniforme.<\/p>\n<p><img fetchpriority=\"high\" decoding=\"async\" class=\"alignnone size-full wp-image-8805\" src=\"https:\/\/www.chapultepec.org.mx\/wp-content\/uploads\/2020\/09\/Captura-de-pantalla-2020-09-25-a-las-10.45.16.png\" alt=\"\" width=\"689\" height=\"486\" srcset=\"https:\/\/www.chapultepec.org.mx\/wp-content\/uploads\/2020\/09\/Captura-de-pantalla-2020-09-25-a-las-10.45.16.png 689w, https:\/\/www.chapultepec.org.mx\/wp-content\/uploads\/2020\/09\/Captura-de-pantalla-2020-09-25-a-las-10.45.16-300x212.png 300w, https:\/\/www.chapultepec.org.mx\/wp-content\/uploads\/2020\/09\/Captura-de-pantalla-2020-09-25-a-las-10.45.16-600x423.png 600w\" sizes=\"(max-width: 689px) 100vw, 689px\" \/><\/p>\n<p>El color intenso de su plumaje de los machos tiene la funci\u00f3n de llamar la atenci\u00f3n de las hembras. Para lograr este objetivo orquestan una danza muy especial en la que el macho lleva un tallo en el pico y se inclina con las plumas en posici\u00f3n vertical.<\/p>\n<p>Como todas las aves y los seres que habitan el mundo, su mejor estado es el de la libertad, si alguna vez has tenido de ganas de tener un ave en una jaula, recuerda el confinamiento y lo que se siente estar encerrado. Tambi\u00e9n, como todos los seres, requieren nuestro esfuerzo y nuestra empat\u00eda para mejorar el mundo en el que todos habitamos.<\/p>\n<p><img decoding=\"async\" class=\"alignnone size-full wp-image-8813\" src=\"https:\/\/www.chapultepec.org.mx\/wp-content\/uploads\/2020\/09\/Captura-de-pantalla-2020-09-25-a-las-10.44.42.png\" alt=\"\" width=\"692\" height=\"460\" srcset=\"https:\/\/www.chapultepec.org.mx\/wp-content\/uploads\/2020\/09\/Captura-de-pantalla-2020-09-25-a-las-10.44.42.png 692w, https:\/\/www.chapultepec.org.mx\/wp-content\/uploads\/2020\/09\/Captura-de-pantalla-2020-09-25-a-las-10.44.42-300x199.png 300w, https:\/\/www.chapultepec.org.mx\/wp-content\/uploads\/2020\/09\/Captura-de-pantalla-2020-09-25-a-las-10.44.42-600x399.png 600w\" sizes=\"(max-width: 692px) 100vw, 692px\" \/><\/p>\n<p><img decoding=\"async\" class=\"alignnone size-full wp-image-8809\" src=\"https:\/\/www.chapultepec.org.mx\/wp-content\/uploads\/2020\/09\/Captura-de-pantalla-2020-09-25-a-las-10.44.58.png\" alt=\"\" width=\"695\" height=\"462\" srcset=\"https:\/\/www.chapultepec.org.mx\/wp-content\/uploads\/2020\/09\/Captura-de-pantalla-2020-09-25-a-las-10.44.58.png 695w, https:\/\/www.chapultepec.org.mx\/wp-content\/uploads\/2020\/09\/Captura-de-pantalla-2020-09-25-a-las-10.44.58-300x199.png 300w, https:\/\/www.chapultepec.org.mx\/wp-content\/uploads\/2020\/09\/Captura-de-pantalla-2020-09-25-a-las-10.44.58-600x399.png 600w\" sizes=\"(max-width: 695px) 100vw, 695px\" \/><\/p>\n<p><img loading=\"lazy\" decoding=\"async\" class=\"alignnone size-full wp-image-8807\" src=\"https:\/\/www.chapultepec.org.mx\/wp-content\/uploads\/2020\/09\/Captura-de-pantalla-2020-09-25-a-las-10.45.05.png\" alt=\"\" width=\"666\" height=\"502\" srcset=\"https:\/\/www.chapultepec.org.mx\/wp-content\/uploads\/2020\/09\/Captura-de-pantalla-2020-09-25-a-las-10.45.05.png 666w, https:\/\/www.chapultepec.org.mx\/wp-content\/uploads\/2020\/09\/Captura-de-pantalla-2020-09-25-a-las-10.45.05-300x226.png 300w, https:\/\/www.chapultepec.org.mx\/wp-content\/uploads\/2020\/09\/Captura-de-pantalla-2020-09-25-a-las-10.45.05-600x452.png 600w\" sizes=\"(max-width: 666px) 100vw, 666px\" \/><\/p>\n<p><img loading=\"lazy\" decoding=\"async\" class=\"alignnone size-full wp-image-8803\" src=\"https:\/\/www.chapultepec.org.mx\/wp-content\/uploads\/2020\/09\/Captura-de-pantalla-2020-09-25-a-las-10.45.23.png\" alt=\"\" width=\"687\" height=\"486\" srcset=\"https:\/\/www.chapultepec.org.mx\/wp-content\/uploads\/2020\/09\/Captura-de-pantalla-2020-09-25-a-las-10.45.23.png 687w, https:\/\/www.chapultepec.org.mx\/wp-content\/uploads\/2020\/09\/Captura-de-pantalla-2020-09-25-a-las-10.45.23-300x212.png 300w, https:\/\/www.chapultepec.org.mx\/wp-content\/uploads\/2020\/09\/Captura-de-pantalla-2020-09-25-a-las-10.45.23-600x424.png 600w\" sizes=\"(max-width: 687px) 100vw, 687px\" \/><\/p>\n<p><img loading=\"lazy\" decoding=\"async\" class=\"alignnone size-full wp-image-8801\" src=\"https:\/\/www.chapultepec.org.mx\/wp-content\/uploads\/2020\/09\/Captura-de-pantalla-2020-09-25-a-las-10.45.32.png\" alt=\"\" width=\"687\" height=\"451\" srcset=\"https:\/\/www.chapultepec.org.mx\/wp-content\/uploads\/2020\/09\/Captura-de-pantalla-2020-09-25-a-las-10.45.32.png 687w, https:\/\/www.chapultepec.org.mx\/wp-content\/uploads\/2020\/09\/Captura-de-pantalla-2020-09-25-a-las-10.45.32-300x197.png 300w, https:\/\/www.chapultepec.org.mx\/wp-content\/uploads\/2020\/09\/Captura-de-pantalla-2020-09-25-a-las-10.45.32-600x394.png 600w\" sizes=\"(max-width: 687px) 100vw, 687px\" \/><\/p>\n<p>&nbsp;<\/p>\n<p>&nbsp;<\/p>\n<p>&nbsp;<\/p>","protected":false},"excerpt":{"rendered":"<p>\u00bfQui\u00e9n no ha so\u00f1ado ser un ave? Y volar y presumir en el aire una gama de colores ex\u00f3ticos como los que tiene esta peque\u00f1a ave que habita en As\u00eda tropical. Su nombre com\u00fan es pinzones de fresa, pero tambi\u00e9n se les conoce como\u00a0avadavat rojo o munia rojo. Miden aproximadamente 10 cm, y comparten con [&hellip;]<\/p>","protected":false},"author":2,"featured_media":8811,"comment_status":"open","ping_status":"open","sticky":false,"template":"","format":"standard","meta":{"_acf_changed":false,"give_campaign_id":0,"footnotes":""},"categories":[25],"tags":[530,75,531],"class_list":["post-8800","post","type-post","status-publish","format-standard","has-post-thumbnail","hentry","category-sin-categorizar","tag-aves","tag-naturaleza","tag-pinzones-de-fresa"],"acf":[],"_links":{"self":[{"href":"https:\/\/www.chapultepec.org.mx\/en\/wp-json\/wp\/v2\/posts\/8800","targetHints":{"allow":["GET"]}}],"collection":[{"href":"https:\/\/www.chapultepec.org.mx\/en\/wp-json\/wp\/v2\/posts"}],"about":[{"href":"https:\/\/www.chapultepec.org.mx\/en\/wp-json\/wp\/v2\/types\/post"}],"author":[{"embeddable":true,"href":"https:\/\/www.chapultepec.org.mx\/en\/wp-json\/wp\/v2\/users\/2"}],"replies":[{"embeddable":true,"href":"https:\/\/www.chapultepec.org.mx\/en\/wp-json\/wp\/v2\/comments?post=8800"}],"version-history":[{"count":0,"href":"https:\/\/www.chapultepec.org.mx\/en\/wp-json\/wp\/v2\/posts\/8800\/revisions"}],"wp:featuredmedia":[{"embeddable":true,"href":"https:\/\/www.chapultepec.org.mx\/en\/wp-json\/wp\/v2\/media\/8811"}],"wp:attachment":[{"href":"https:\/\/www.chapultepec.org.mx\/en\/wp-json\/wp\/v2\/media?parent=8800"}],"wp:term":[{"taxonomy":"category","embeddable":true,"href":"https:\/\/www.chapultepec.org.mx\/en\/wp-json\/wp\/v2\/categories?post=8800"},{"taxonomy":"post_tag","embeddable":true,"href":"https:\/\/www.chapultepec.org.mx\/en\/wp-json\/wp\/v2\/tags?post=8800"}],"curies":[{"name":"wp","href":"https:\/\/api.w.org\/{rel}","templated":true}]}}