{"id":14114,"date":"2023-01-27T12:47:51","date_gmt":"2023-01-27T18:47:51","guid":{"rendered":"https:\/\/www.chapultepec.org.mx\/?p=14114"},"modified":"2023-01-27T12:47:51","modified_gmt":"2023-01-27T18:47:51","slug":"webinar-las-areas-naturales-protegidas-anp-de-la-ciudad-de-mexico","status":"publish","type":"post","link":"https:\/\/www.chapultepec.org.mx\/en\/webinar-las-areas-naturales-protegidas-anp-de-la-ciudad-de-mexico\/","title":{"rendered":"Webinar: Las \u00c1reas Naturales Protegidas (ANP) de la Ciudad de M\u00e9xico"},"content":{"rendered":"<p class=\"_04xlpA direction-ltr align-start para-style-body\"><span class=\"S1PPyQ\">En este webinar el Ing. Carlos Manuel V\u00e1zquez Mart\u00ednez, Director de \u00c1reas Naturales Protegidas y \u00c1reas de Valor Ambiental de la Secretar\u00eda del Medio Ambiente de la CDMX, (SEDEMA) explic\u00f3: \u00bfQu\u00e9 son las ANP? \u00bfCu\u00e1ntas hay en la CDMX? \u00bfQu\u00e9 superficie abarcan y d\u00f3nde est\u00e1n ubicadas?<\/span><span class=\"S1PPyQ\">\u00bfCu\u00e1les son las amenazas y problem\u00e1ticas m\u00e1s comunes a las que se enfrentan estos espacios? \u00bfQu\u00e9 beneficios ofrecen a la CDMX? \u00bfPor qu\u00e9 es importante conservarlas y cuidarlas? \u00bfCu\u00e1l ha sido la estrategia de esta administraci\u00f3n para su mejoramiento y su conservaci\u00f3n? y \u00bfQu\u00e9 pueden hacer los ciudadanos para colaborar en su protecci\u00f3n y conservaci\u00f3n?<\/span><\/p>\n<p><a href=\"https:\/\/www.youtube.com\/watch?v=zCAvMjxwzeg\" target=\"_blank\" rel=\"noopener\">Aqu\u00ed puedes ver el video<\/a><\/p>","protected":false},"excerpt":{"rendered":"<p>En este webinar el Ing. Carlos Manuel V\u00e1zquez Mart\u00ednez, Director de \u00c1reas Naturales Protegidas y \u00c1reas de Valor Ambiental de la Secretar\u00eda del Medio Ambiente de la CDMX, (SEDEMA) explic\u00f3: \u00bfQu\u00e9 son las ANP? \u00bfCu\u00e1ntas hay en la CDMX? \u00bfQu\u00e9 superficie abarcan y d\u00f3nde est\u00e1n ubicadas?\u00bfCu\u00e1les son las amenazas y problem\u00e1ticas m\u00e1s comunes a las [&hellip;]<\/p>","protected":false},"author":3,"featured_media":14161,"comment_status":"open","ping_status":"open","sticky":false,"template":"","format":"standard","meta":{"_acf_changed":false,"give_campaign_id":0,"footnotes":""},"categories":[40],"tags":[],"class_list":["post-14114","post","type-post","status-publish","format-standard","has-post-thumbnail","hentry","category-webinars"],"acf":[],"_links":{"self":[{"href":"https:\/\/www.chapultepec.org.mx\/en\/wp-json\/wp\/v2\/posts\/14114","targetHints":{"allow":["GET"]}}],"collection":[{"href":"https:\/\/www.chapultepec.org.mx\/en\/wp-json\/wp\/v2\/posts"}],"about":[{"href":"https:\/\/www.chapultepec.org.mx\/en\/wp-json\/wp\/v2\/types\/post"}],"author":[{"embeddable":true,"href":"https:\/\/www.chapultepec.org.mx\/en\/wp-json\/wp\/v2\/users\/3"}],"replies":[{"embeddable":true,"href":"https:\/\/www.chapultepec.org.mx\/en\/wp-json\/wp\/v2\/comments?post=14114"}],"version-history":[{"count":0,"href":"https:\/\/www.chapultepec.org.mx\/en\/wp-json\/wp\/v2\/posts\/14114\/revisions"}],"wp:featuredmedia":[{"embeddable":true,"href":"https:\/\/www.chapultepec.org.mx\/en\/wp-json\/wp\/v2\/media\/14161"}],"wp:attachment":[{"href":"https:\/\/www.chapultepec.org.mx\/en\/wp-json\/wp\/v2\/media?parent=14114"}],"wp:term":[{"taxonomy":"category","embeddable":true,"href":"https:\/\/www.chapultepec.org.mx\/en\/wp-json\/wp\/v2\/categories?post=14114"},{"taxonomy":"post_tag","embeddable":true,"href":"https:\/\/www.chapultepec.org.mx\/en\/wp-json\/wp\/v2\/tags?post=14114"}],"curies":[{"name":"wp","href":"https:\/\/api.w.org\/{rel}","templated":true}]}}