{"id":13238,"date":"2022-09-14T11:06:11","date_gmt":"2022-09-14T17:06:11","guid":{"rendered":"https:\/\/www.chapultepec.org.mx\/?p=13238"},"modified":"2022-09-14T11:06:11","modified_gmt":"2022-09-14T17:06:11","slug":"webinar-los-humedales-de-la-pandemia","status":"publish","type":"post","link":"https:\/\/www.chapultepec.org.mx\/en\/webinar-los-humedales-de-la-pandemia\/","title":{"rendered":"Webinar: Los humedales de la pandemia"},"content":{"rendered":"<p>En este webinar impartido por el Bi\u00f3logo Alejandro F. Alva Mart\u00ednez, se abord\u00f3 una semblanza en el tiempo de humedales naturales y construidos en la Cuenca y los rehabilitados y reasignados en el periodo de 2020 a 2022, durante la pandemia.<\/p>\n<p>&nbsp;<\/p>\n<p><a href=\"https:\/\/www.youtube.com\/watch?v=jdPDymX-V6s&amp;t=1s\" target=\"_blank\" rel=\"noopener\">Aqu\u00ed puedes ver el video.\u00a0<\/a><\/p>","protected":false},"excerpt":{"rendered":"<p>En este webinar impartido por el Bi\u00f3logo Alejandro F. Alva Mart\u00ednez, se abord\u00f3 una semblanza en el tiempo de humedales naturales y construidos en la Cuenca y los rehabilitados y reasignados en el periodo de 2020 a 2022, durante la pandemia. &nbsp; Aqu\u00ed puedes ver el video.\u00a0<\/p>","protected":false},"author":3,"featured_media":13239,"comment_status":"open","ping_status":"open","sticky":false,"template":"","format":"standard","meta":{"_acf_changed":false,"give_campaign_id":0,"footnotes":""},"categories":[40],"tags":[],"class_list":["post-13238","post","type-post","status-publish","format-standard","has-post-thumbnail","hentry","category-webinars"],"acf":[],"_links":{"self":[{"href":"https:\/\/www.chapultepec.org.mx\/en\/wp-json\/wp\/v2\/posts\/13238","targetHints":{"allow":["GET"]}}],"collection":[{"href":"https:\/\/www.chapultepec.org.mx\/en\/wp-json\/wp\/v2\/posts"}],"about":[{"href":"https:\/\/www.chapultepec.org.mx\/en\/wp-json\/wp\/v2\/types\/post"}],"author":[{"embeddable":true,"href":"https:\/\/www.chapultepec.org.mx\/en\/wp-json\/wp\/v2\/users\/3"}],"replies":[{"embeddable":true,"href":"https:\/\/www.chapultepec.org.mx\/en\/wp-json\/wp\/v2\/comments?post=13238"}],"version-history":[{"count":0,"href":"https:\/\/www.chapultepec.org.mx\/en\/wp-json\/wp\/v2\/posts\/13238\/revisions"}],"wp:featuredmedia":[{"embeddable":true,"href":"https:\/\/www.chapultepec.org.mx\/en\/wp-json\/wp\/v2\/media\/13239"}],"wp:attachment":[{"href":"https:\/\/www.chapultepec.org.mx\/en\/wp-json\/wp\/v2\/media?parent=13238"}],"wp:term":[{"taxonomy":"category","embeddable":true,"href":"https:\/\/www.chapultepec.org.mx\/en\/wp-json\/wp\/v2\/categories?post=13238"},{"taxonomy":"post_tag","embeddable":true,"href":"https:\/\/www.chapultepec.org.mx\/en\/wp-json\/wp\/v2\/tags?post=13238"}],"curies":[{"name":"wp","href":"https:\/\/api.w.org\/{rel}","templated":true}]}}