{"id":12411,"date":"2021-11-03T12:16:04","date_gmt":"2021-11-03T18:16:04","guid":{"rendered":"https:\/\/www.chapultepec.org.mx\/?p=12411"},"modified":"2021-11-03T12:16:04","modified_gmt":"2021-11-03T18:16:04","slug":"webinar-los-personajes-de-chapultepec-en-la-historia","status":"publish","type":"post","link":"https:\/\/www.chapultepec.org.mx\/en\/webinar-los-personajes-de-chapultepec-en-la-historia\/","title":{"rendered":"Webinar: Los Personajes de Chapultepec en la Historia"},"content":{"rendered":"<p>En esta charla impartida por el historiador Alfredo Hern\u00e1ndez Murillo hicimos un nuevo recorrido por la historia del bosque para conocer a todos los personajes que han tenido una influencia en nuestro parque urbano preferido. Desde Moctezuma, el gran poeta Netzahualc\u00f3yotl, Hern\u00e1n Cort\u00e9s, Porfirio Diaz, los diferentes habitantes del Castillo, hasta el general L\u00e1zaro C\u00e1rdenas.<\/p>\n<p><a href=\"https:\/\/www.youtube.com\/watch?v=FR63A-BgQPg&amp;t=1s\" target=\"_blank\" rel=\"noopener\">Aqu\u00ed puedes ver el video.\u00a0<\/a><\/p>","protected":false},"excerpt":{"rendered":"<p>En esta charla impartida por el historiador Alfredo Hern\u00e1ndez Murillo hicimos un nuevo recorrido por la historia del bosque para conocer a todos los personajes que han tenido una influencia en nuestro parque urbano preferido. Desde Moctezuma, el gran poeta Netzahualc\u00f3yotl, Hern\u00e1n Cort\u00e9s, Porfirio Diaz, los diferentes habitantes del Castillo, hasta el general L\u00e1zaro C\u00e1rdenas. [&hellip;]<\/p>","protected":false},"author":3,"featured_media":12420,"comment_status":"open","ping_status":"open","sticky":false,"template":"","format":"standard","meta":{"_acf_changed":false,"give_campaign_id":0,"footnotes":""},"categories":[40],"tags":[],"class_list":["post-12411","post","type-post","status-publish","format-standard","has-post-thumbnail","hentry","category-webinars"],"acf":[],"_links":{"self":[{"href":"https:\/\/www.chapultepec.org.mx\/en\/wp-json\/wp\/v2\/posts\/12411","targetHints":{"allow":["GET"]}}],"collection":[{"href":"https:\/\/www.chapultepec.org.mx\/en\/wp-json\/wp\/v2\/posts"}],"about":[{"href":"https:\/\/www.chapultepec.org.mx\/en\/wp-json\/wp\/v2\/types\/post"}],"author":[{"embeddable":true,"href":"https:\/\/www.chapultepec.org.mx\/en\/wp-json\/wp\/v2\/users\/3"}],"replies":[{"embeddable":true,"href":"https:\/\/www.chapultepec.org.mx\/en\/wp-json\/wp\/v2\/comments?post=12411"}],"version-history":[{"count":0,"href":"https:\/\/www.chapultepec.org.mx\/en\/wp-json\/wp\/v2\/posts\/12411\/revisions"}],"wp:featuredmedia":[{"embeddable":true,"href":"https:\/\/www.chapultepec.org.mx\/en\/wp-json\/wp\/v2\/media\/12420"}],"wp:attachment":[{"href":"https:\/\/www.chapultepec.org.mx\/en\/wp-json\/wp\/v2\/media?parent=12411"}],"wp:term":[{"taxonomy":"category","embeddable":true,"href":"https:\/\/www.chapultepec.org.mx\/en\/wp-json\/wp\/v2\/categories?post=12411"},{"taxonomy":"post_tag","embeddable":true,"href":"https:\/\/www.chapultepec.org.mx\/en\/wp-json\/wp\/v2\/tags?post=12411"}],"curies":[{"name":"wp","href":"https:\/\/api.w.org\/{rel}","templated":true}]}}