{"id":11630,"date":"2021-07-13T15:33:21","date_gmt":"2021-07-13T21:33:21","guid":{"rendered":"https:\/\/www.chapultepec.org.mx\/?p=11630"},"modified":"2021-07-13T15:33:21","modified_gmt":"2021-07-13T21:33:21","slug":"webinar-fotografia-y-naturaleza","status":"publish","type":"post","link":"https:\/\/www.chapultepec.org.mx\/en\/webinar-fotografia-y-naturaleza\/","title":{"rendered":"Webinar: fotograf\u00eda y naturaleza"},"content":{"rendered":"<p><span style=\"color: #000000;\">En este webinar tuvimos el honor de contar con Fulvio Eccardi, fot\u00f3grafo y bi\u00f3logo que ha documentado y difundido temas relacionados con la biodiversidad y el uso de los recursos naturales de M\u00e9xico, por m\u00e1s de 40 a\u00f1os.<\/span><\/p>\n<p><span style=\"color: #000000;\">En la charla hicimos un incre\u00edble recorrido por el M\u00e9xico diverso a trav\u00e9s de sus\u00a0 fotograf\u00eda y videos.\u00a0 <\/span><\/p>\n<p><span style=\"color: #000000;\">Para verlo da clic <strong><a style=\"color: #000000;\" href=\"https:\/\/www.youtube.com\/watch?v=0au02S5qWng\" target=\"_blank\" rel=\"noopener\">en este enlace.\u00a0<\/a><\/strong><\/span><\/p>\n<p><span style=\"color: #000000;\">Si quieres conocer m\u00e1s a fondo el trabajo de Fulvio, puedes visitar <a style=\"color: #000000;\" href=\"https:\/\/www.conecto.mx\/es\/\" target=\"_blank\" rel=\"noopener\"><strong>Conecto<\/strong><\/a> una plataforma multimedia donde puedes conocer productos y servicios sustentables desde una filosof\u00eda de compromiso social. y <a style=\"color: #000000;\" href=\"https:\/\/suum.mx\/\" target=\"_blank\" rel=\"noopener\"><strong>Suum<\/strong><\/a>, otra plataforma dedicada a la miel org\u00e1nica en la que se promueve el consumo responsable e informado, y se apoya\u00a0 a los peque\u00f1os productores y a las cooperativas que producen la miel de manera sustentable.<\/span><\/p>","protected":false},"excerpt":{"rendered":"<p>En este webinar tuvimos el honor de contar con Fulvio Eccardi, fot\u00f3grafo y bi\u00f3logo que ha documentado y difundido temas relacionados con la biodiversidad y el uso de los recursos naturales de M\u00e9xico, por m\u00e1s de 40 a\u00f1os. En la charla hicimos un incre\u00edble recorrido por el M\u00e9xico diverso a trav\u00e9s de sus\u00a0 fotograf\u00eda y [&hellip;]<\/p>","protected":false},"author":3,"featured_media":11631,"comment_status":"open","ping_status":"open","sticky":false,"template":"","format":"standard","meta":{"_acf_changed":false,"give_campaign_id":0,"footnotes":""},"categories":[40],"tags":[],"class_list":["post-11630","post","type-post","status-publish","format-standard","has-post-thumbnail","hentry","category-webinars"],"acf":[],"_links":{"self":[{"href":"https:\/\/www.chapultepec.org.mx\/en\/wp-json\/wp\/v2\/posts\/11630","targetHints":{"allow":["GET"]}}],"collection":[{"href":"https:\/\/www.chapultepec.org.mx\/en\/wp-json\/wp\/v2\/posts"}],"about":[{"href":"https:\/\/www.chapultepec.org.mx\/en\/wp-json\/wp\/v2\/types\/post"}],"author":[{"embeddable":true,"href":"https:\/\/www.chapultepec.org.mx\/en\/wp-json\/wp\/v2\/users\/3"}],"replies":[{"embeddable":true,"href":"https:\/\/www.chapultepec.org.mx\/en\/wp-json\/wp\/v2\/comments?post=11630"}],"version-history":[{"count":0,"href":"https:\/\/www.chapultepec.org.mx\/en\/wp-json\/wp\/v2\/posts\/11630\/revisions"}],"wp:featuredmedia":[{"embeddable":true,"href":"https:\/\/www.chapultepec.org.mx\/en\/wp-json\/wp\/v2\/media\/11631"}],"wp:attachment":[{"href":"https:\/\/www.chapultepec.org.mx\/en\/wp-json\/wp\/v2\/media?parent=11630"}],"wp:term":[{"taxonomy":"category","embeddable":true,"href":"https:\/\/www.chapultepec.org.mx\/en\/wp-json\/wp\/v2\/categories?post=11630"},{"taxonomy":"post_tag","embeddable":true,"href":"https:\/\/www.chapultepec.org.mx\/en\/wp-json\/wp\/v2\/tags?post=11630"}],"curies":[{"name":"wp","href":"https:\/\/api.w.org\/{rel}","templated":true}]}}